{"id":10205,"date":"2024-04-02T07:00:00","date_gmt":"2024-04-02T07:00:00","guid":{"rendered":"https:\/\/inmopolt.com\/estas-son-las-zonas-tensionadas-de-alquiler-en-la-region\/"},"modified":"2024-04-02T07:00:00","modified_gmt":"2024-04-02T07:00:00","slug":"estas-son-las-zonas-tensionadas-de-alquiler-en-la-region","status":"publish","type":"post","link":"https:\/\/inmopolt.com\/en\/estas-son-las-zonas-tensionadas-de-alquiler-en-la-region\/","title":{"rendered":"Estas son las Zonas Tensionadas de alquiler en la Regi\u00f3n"},"content":{"rendered":"\n<figure class=\"wp-block-image size-large\"><img fetchpriority=\"high\" decoding=\"async\" width=\"1024\" height=\"711\" src=\"https:\/\/inmopolt.com\/wp-content\/uploads\/2024\/03\/Zonas-Tensionadas-en-Cartagena-1024x711.png\" alt=\"Zonas Tensionadas en Cartagena\" class=\"wp-image-8777\" srcset=\"https:\/\/inmopolt.com\/wp-content\/uploads\/2024\/03\/Zonas-Tensionadas-en-Cartagena-1024x711.png 1024w, https:\/\/inmopolt.com\/wp-content\/uploads\/2024\/03\/Zonas-Tensionadas-en-Cartagena-300x208.png 300w, https:\/\/inmopolt.com\/wp-content\/uploads\/2024\/03\/Zonas-Tensionadas-en-Cartagena-768x534.png 768w, https:\/\/inmopolt.com\/wp-content\/uploads\/2024\/03\/Zonas-Tensionadas-en-Cartagena-792x550.png 792w, https:\/\/inmopolt.com\/wp-content\/uploads\/2024\/03\/Zonas-Tensionadas-en-Cartagena-1060x736.png 1060w, https:\/\/inmopolt.com\/wp-content\/uploads\/2024\/03\/Zonas-Tensionadas-en-Cartagena-550x382.png 550w, https:\/\/inmopolt.com\/wp-content\/uploads\/2024\/03\/Zonas-Tensionadas-en-Cartagena-720x500.png 720w, https:\/\/inmopolt.com\/wp-content\/uploads\/2024\/03\/Zonas-Tensionadas-en-Cartagena.png 1068w\" sizes=\"(max-width: 1024px) 100vw, 1024px\" \/><figcaption class=\"wp-element-caption\">Zonas Tensionadas en Cartagena<\/figcaption><\/figure>\n\n\n\n<p>La reciente implementaci\u00f3n de la Ley por el Derecho a la Vivienda ha introducido el concepto de zonas tensionadas, lo que podr\u00eda afectar significativamente al mercado del alquiler en la Regi\u00f3n de Murcia. Este nuevo marco legislativo busca regular los precios de alquiler para aumentar la oferta de vivienda. El objetivo, conseguir precios asequibles y asistir a j\u00f3venes y colectivos vulnerables en el acceso a la vivienda. Particularmente en Murcia, todos los distritos censales se consideran zonas tensionadas debido al incremento de precios por encima de tres puntos respecto al IPC, marcando un cambio notable en la gesti\u00f3n de alquileres en la regi\u00f3n.<\/p>\n\n\n\n<h2 class=\"wp-block-heading\" id=\"h-mi-casa-esta-en-una-zona-tensionada-de-alquiler-que-hago\">Mi casa est\u00e1 en una Zona Tensionada de Alquiler. \u00bfQu\u00e9 hago?<\/h2>\n\n\n\n<p>En t\u00e9rminos pr\u00e1cticos, la ley abre la puerta a la regulaci\u00f3n de los precios de alquiler, tanto para contratos ya existentes como para nuevos arrendamientos. Esto aplica a todos los propietarios sin distinci\u00f3n de ser grandes o peque\u00f1os arrendadores. Esta regulaci\u00f3n est\u00e1 motivada por el deseo de contener los aumentos significativos de precios que afectan a miles de familias, mejorando su calidad de vida y, por extensi\u00f3n, la econom\u00eda regional. Sin embargo, es importante notar que la aplicaci\u00f3n efectiva de estas medidas depende de la acci\u00f3n gubernamental a nivel regional y municipal, destacando la necesidad de una implementaci\u00f3n coherente para materializar los beneficios previstos por la ley.<\/p>\n\n\n\n<figure class=\"wp-block-image size-large\"><img decoding=\"async\" width=\"1024\" height=\"731\" src=\"https:\/\/inmopolt.com\/wp-content\/uploads\/2024\/03\/Zonas-Tensionadas-en-Murcia-Ciudad-1024x731.png\" alt=\"Zonas Tensionadas en Murcia Ciudad\" class=\"wp-image-8776\" srcset=\"https:\/\/inmopolt.com\/wp-content\/uploads\/2024\/03\/Zonas-Tensionadas-en-Murcia-Ciudad-1024x731.png 1024w, https:\/\/inmopolt.com\/wp-content\/uploads\/2024\/03\/Zonas-Tensionadas-en-Murcia-Ciudad-300x214.png 300w, https:\/\/inmopolt.com\/wp-content\/uploads\/2024\/03\/Zonas-Tensionadas-en-Murcia-Ciudad-768x548.png 768w, https:\/\/inmopolt.com\/wp-content\/uploads\/2024\/03\/Zonas-Tensionadas-en-Murcia-Ciudad-771x550.png 771w, https:\/\/inmopolt.com\/wp-content\/uploads\/2024\/03\/Zonas-Tensionadas-en-Murcia-Ciudad-550x392.png 550w, https:\/\/inmopolt.com\/wp-content\/uploads\/2024\/03\/Zonas-Tensionadas-en-Murcia-Ciudad-701x500.png 701w, https:\/\/inmopolt.com\/wp-content\/uploads\/2024\/03\/Zonas-Tensionadas-en-Murcia-Ciudad.png 1061w\" sizes=\"(max-width: 1024px) 100vw, 1024px\" \/><figcaption class=\"wp-element-caption\">Zonas Tensionadas en Murcia Ciudad<\/figcaption><\/figure>\n\n\n\n<p>No obstante, en La Regi\u00f3n de Murcia, a\u00fan no se han declarado oficialmente \u00e1reas tensionadas. Esto es un paso crucial para la aplicaci\u00f3n efectiva de la ley que podr\u00eda influir significativamente en los precios del alquiler. <\/p>\n\n\n\n<p>En este contexto, que presenta un escenario complejo para propietarios e inversores inmobiliarios en la Regi\u00f3n de Murcia. Ahora es aun m\u00e1s recomendable, si cabe, recurrir al asesoramiento experto de <a href=\"https:\/\/inmopolt.com\/alquiler-cobro-garantizado\/\">INMOPOLT<\/a>. Se subraya la necesidad de estar al tanto de las regulaciones vigentes y adaptarse a las din\u00e1micas cambiantes del mercado de alquiler.<\/p>\n\n\n\n<p>Para m\u00e1s detalles, puede consultar el <a href=\"https:\/\/librealos30.com\/mapa-de-zonas-tensionadas\/\">mapa completo<\/a> de Zonas Tensionadas de Alquiler.<\/p>\n","protected":false},"excerpt":{"rendered":"<p>La reciente implementaci\u00f3n de la Ley por el Derecho a la Vivienda ha introducido el concepto de zonas tensionadas, lo que podr\u00eda afectar significativamente al mercado del alquiler en la Regi\u00f3n de Murcia. Este nuevo marco legislativo busca regular los precios de alquiler para aumentar la oferta de vivienda. <\/p>\n","protected":false},"author":1,"featured_media":9790,"comment_status":"closed","ping_status":"closed","sticky":false,"template":"","format":"standard","meta":{"_joinchat":[],"footnotes":""},"categories":[55],"tags":[83],"class_list":["post-10205","post","type-post","status-publish","format-standard","has-post-thumbnail","hentry","category-blog-en","tag-zonas-tensionadas-en","is-cat-link-borders-light is-cat-link-rounded"],"yoast_head":"<!-- This site is optimized with the Yoast SEO Premium plugin v22.7 (Yoast SEO v27.5) - https:\/\/yoast.com\/product\/yoast-seo-premium-wordpress\/ -->\n<title>Estas son las Zonas Tensionadas de alquiler en la Regi\u00f3n - Inmopolt | Rentabilizando activos<\/title>\n<meta name=\"robots\" content=\"index, follow, max-snippet:-1, max-image-preview:large, max-video-preview:-1\" \/>\n<link rel=\"canonical\" href=\"https:\/\/inmopolt.com\/estas-son-las-zonas-tensionadas-de-alquiler-en-la-region\/?lang=en\" \/>\n<meta property=\"og:locale\" content=\"en_US\" \/>\n<meta property=\"og:type\" content=\"article\" \/>\n<meta property=\"og:title\" content=\"Estas son las Zonas Tensionadas de alquiler en la Regi\u00f3n\" \/>\n<meta property=\"og:description\" content=\"La reciente implementaci\u00f3n de la Ley por el Derecho a la Vivienda ha introducido el concepto de zonas tensionadas, lo que podr\u00eda afectar significativamente al mercado del alquiler en la Regi\u00f3n de Murcia. Este nuevo marco legislativo busca regular los precios de alquiler para aumentar la oferta de vivienda.\" \/>\n<meta property=\"og:url\" content=\"https:\/\/inmopolt.com\/estas-son-las-zonas-tensionadas-de-alquiler-en-la-region\/?lang=en\" \/>\n<meta property=\"og:site_name\" content=\"Inmopolt | Rentabilizando activos\" \/>\n<meta property=\"article:published_time\" content=\"2024-04-02T07:00:00+00:00\" \/>\n<meta property=\"og:image\" content=\"https:\/\/inmopolt.com\/wp-content\/uploads\/2024\/03\/Zonas-Tensionadas-en-Cartagena.png\" \/>\n\t<meta property=\"og:image:width\" content=\"1068\" \/>\n\t<meta property=\"og:image:height\" content=\"742\" \/>\n\t<meta property=\"og:image:type\" content=\"image\/png\" \/>\n<meta name=\"author\" content=\"atica\" \/>\n<meta name=\"twitter:card\" content=\"summary_large_image\" \/>\n<meta name=\"twitter:label1\" content=\"Written by\" \/>\n\t<meta name=\"twitter:data1\" content=\"atica\" \/>\n\t<meta name=\"twitter:label2\" content=\"Est. reading time\" \/>\n\t<meta name=\"twitter:data2\" content=\"2 minutes\" \/>\n<script type=\"application\/ld+json\" class=\"yoast-schema-graph\">{\"@context\":\"https:\\\/\\\/schema.org\",\"@graph\":[{\"@type\":\"Article\",\"@id\":\"https:\\\/\\\/inmopolt.com\\\/estas-son-las-zonas-tensionadas-de-alquiler-en-la-region\\\/?lang=en#article\",\"isPartOf\":{\"@id\":\"https:\\\/\\\/inmopolt.com\\\/estas-son-las-zonas-tensionadas-de-alquiler-en-la-region\\\/?lang=en\"},\"author\":{\"name\":\"atica\",\"@id\":\"https:\\\/\\\/inmopolt.com\\\/#\\\/schema\\\/person\\\/03a974db1f329b1e2bfee9bedf6b132c\"},\"headline\":\"Estas son las Zonas Tensionadas de alquiler en la Regi\u00f3n\",\"datePublished\":\"2024-04-02T07:00:00+00:00\",\"mainEntityOfPage\":{\"@id\":\"https:\\\/\\\/inmopolt.com\\\/estas-son-las-zonas-tensionadas-de-alquiler-en-la-region\\\/?lang=en\"},\"wordCount\":368,\"publisher\":{\"@id\":\"https:\\\/\\\/inmopolt.com\\\/#organization\"},\"image\":{\"@id\":\"https:\\\/\\\/inmopolt.com\\\/estas-son-las-zonas-tensionadas-de-alquiler-en-la-region\\\/?lang=en#primaryimage\"},\"thumbnailUrl\":\"https:\\\/\\\/inmopolt.com\\\/wp-content\\\/uploads\\\/2024\\\/03\\\/Zonas-Tensionadas-en-Murcia.png\",\"keywords\":[\"zonas tensionadas\"],\"articleSection\":[\"Blog\"],\"inLanguage\":\"en-US\"},{\"@type\":\"WebPage\",\"@id\":\"https:\\\/\\\/inmopolt.com\\\/estas-son-las-zonas-tensionadas-de-alquiler-en-la-region\\\/?lang=en\",\"url\":\"https:\\\/\\\/inmopolt.com\\\/estas-son-las-zonas-tensionadas-de-alquiler-en-la-region\\\/?lang=en\",\"name\":\"Estas son las Zonas Tensionadas de alquiler en la Regi\u00f3n - Inmopolt | Rentabilizando activos\",\"isPartOf\":{\"@id\":\"https:\\\/\\\/inmopolt.com\\\/#website\"},\"primaryImageOfPage\":{\"@id\":\"https:\\\/\\\/inmopolt.com\\\/estas-son-las-zonas-tensionadas-de-alquiler-en-la-region\\\/?lang=en#primaryimage\"},\"image\":{\"@id\":\"https:\\\/\\\/inmopolt.com\\\/estas-son-las-zonas-tensionadas-de-alquiler-en-la-region\\\/?lang=en#primaryimage\"},\"thumbnailUrl\":\"https:\\\/\\\/inmopolt.com\\\/wp-content\\\/uploads\\\/2024\\\/03\\\/Zonas-Tensionadas-en-Murcia.png\",\"datePublished\":\"2024-04-02T07:00:00+00:00\",\"breadcrumb\":{\"@id\":\"https:\\\/\\\/inmopolt.com\\\/estas-son-las-zonas-tensionadas-de-alquiler-en-la-region\\\/?lang=en#breadcrumb\"},\"inLanguage\":\"en-US\",\"potentialAction\":[{\"@type\":\"ReadAction\",\"target\":[\"https:\\\/\\\/inmopolt.com\\\/estas-son-las-zonas-tensionadas-de-alquiler-en-la-region\\\/?lang=en\"]}]},{\"@type\":\"ImageObject\",\"inLanguage\":\"en-US\",\"@id\":\"https:\\\/\\\/inmopolt.com\\\/estas-son-las-zonas-tensionadas-de-alquiler-en-la-region\\\/?lang=en#primaryimage\",\"url\":\"https:\\\/\\\/inmopolt.com\\\/wp-content\\\/uploads\\\/2024\\\/03\\\/Zonas-Tensionadas-en-Murcia.png\",\"contentUrl\":\"https:\\\/\\\/inmopolt.com\\\/wp-content\\\/uploads\\\/2024\\\/03\\\/Zonas-Tensionadas-en-Murcia.png\",\"width\":1037,\"height\":766,\"caption\":\"Zonas Tensionadas en Murcia\"},{\"@type\":\"BreadcrumbList\",\"@id\":\"https:\\\/\\\/inmopolt.com\\\/estas-son-las-zonas-tensionadas-de-alquiler-en-la-region\\\/?lang=en#breadcrumb\",\"itemListElement\":[{\"@type\":\"ListItem\",\"position\":1,\"name\":\"Home\",\"item\":\"https:\\\/\\\/inmopolt.com\\\/en\\\/\"},{\"@type\":\"ListItem\",\"position\":2,\"name\":\"Estas son las Zonas Tensionadas de alquiler en la Regi\u00f3n\"}]},{\"@type\":\"WebSite\",\"@id\":\"https:\\\/\\\/inmopolt.com\\\/#website\",\"url\":\"https:\\\/\\\/inmopolt.com\\\/\",\"name\":\"Inmopolt | Rentabilizando activos\",\"description\":\"\",\"publisher\":{\"@id\":\"https:\\\/\\\/inmopolt.com\\\/#organization\"},\"potentialAction\":[{\"@type\":\"SearchAction\",\"target\":{\"@type\":\"EntryPoint\",\"urlTemplate\":\"https:\\\/\\\/inmopolt.com\\\/?s={search_term_string}\"},\"query-input\":{\"@type\":\"PropertyValueSpecification\",\"valueRequired\":true,\"valueName\":\"search_term_string\"}}],\"inLanguage\":\"en-US\"},{\"@type\":\"Organization\",\"@id\":\"https:\\\/\\\/inmopolt.com\\\/#organization\",\"name\":\"Inmopolt | Rentabilizando activos\",\"url\":\"https:\\\/\\\/inmopolt.com\\\/\",\"logo\":{\"@type\":\"ImageObject\",\"inLanguage\":\"en-US\",\"@id\":\"https:\\\/\\\/inmopolt.com\\\/#\\\/schema\\\/logo\\\/image\\\/\",\"url\":\"https:\\\/\\\/inmopolt.com\\\/wp-content\\\/uploads\\\/2024\\\/01\\\/cropped-icono.jpg\",\"contentUrl\":\"https:\\\/\\\/inmopolt.com\\\/wp-content\\\/uploads\\\/2024\\\/01\\\/cropped-icono.jpg\",\"width\":512,\"height\":512,\"caption\":\"Inmopolt | Rentabilizando activos\"},\"image\":{\"@id\":\"https:\\\/\\\/inmopolt.com\\\/#\\\/schema\\\/logo\\\/image\\\/\"}},{\"@type\":\"Person\",\"@id\":\"https:\\\/\\\/inmopolt.com\\\/#\\\/schema\\\/person\\\/03a974db1f329b1e2bfee9bedf6b132c\",\"name\":\"atica\",\"image\":{\"@type\":\"ImageObject\",\"inLanguage\":\"en-US\",\"@id\":\"https:\\\/\\\/secure.gravatar.com\\\/avatar\\\/58453b30c4baee6890678d2c1fc67512677c28d75db8870a132d917a269888bd?s=96&d=mm&r=g\",\"url\":\"https:\\\/\\\/secure.gravatar.com\\\/avatar\\\/58453b30c4baee6890678d2c1fc67512677c28d75db8870a132d917a269888bd?s=96&d=mm&r=g\",\"contentUrl\":\"https:\\\/\\\/secure.gravatar.com\\\/avatar\\\/58453b30c4baee6890678d2c1fc67512677c28d75db8870a132d917a269888bd?s=96&d=mm&r=g\",\"caption\":\"atica\"},\"sameAs\":[\"https:\\\/\\\/inmopolt.com\"],\"url\":\"https:\\\/\\\/inmopolt.com\\\/en\\\/author\\\/info_8gvnbg32\\\/\"}]}<\/script>\n<!-- \/ Yoast SEO Premium plugin. -->","yoast_head_json":{"title":"Estas son las Zonas Tensionadas de alquiler en la Regi\u00f3n - Inmopolt | Rentabilizando activos","robots":{"index":"index","follow":"follow","max-snippet":"max-snippet:-1","max-image-preview":"max-image-preview:large","max-video-preview":"max-video-preview:-1"},"canonical":"https:\/\/inmopolt.com\/estas-son-las-zonas-tensionadas-de-alquiler-en-la-region\/?lang=en","og_locale":"en_US","og_type":"article","og_title":"Estas son las Zonas Tensionadas de alquiler en la Regi\u00f3n","og_description":"La reciente implementaci\u00f3n de la Ley por el Derecho a la Vivienda ha introducido el concepto de zonas tensionadas, lo que podr\u00eda afectar significativamente al mercado del alquiler en la Regi\u00f3n de Murcia. Este nuevo marco legislativo busca regular los precios de alquiler para aumentar la oferta de vivienda.","og_url":"https:\/\/inmopolt.com\/estas-son-las-zonas-tensionadas-de-alquiler-en-la-region\/?lang=en","og_site_name":"Inmopolt | Rentabilizando activos","article_published_time":"2024-04-02T07:00:00+00:00","og_image":[{"width":1068,"height":742,"url":"https:\/\/inmopolt.com\/wp-content\/uploads\/2024\/03\/Zonas-Tensionadas-en-Cartagena.png","type":"image\/png"}],"author":"atica","twitter_card":"summary_large_image","twitter_misc":{"Written by":"atica","Est. reading time":"2 minutes"},"schema":{"@context":"https:\/\/schema.org","@graph":[{"@type":"Article","@id":"https:\/\/inmopolt.com\/estas-son-las-zonas-tensionadas-de-alquiler-en-la-region\/?lang=en#article","isPartOf":{"@id":"https:\/\/inmopolt.com\/estas-son-las-zonas-tensionadas-de-alquiler-en-la-region\/?lang=en"},"author":{"name":"atica","@id":"https:\/\/inmopolt.com\/#\/schema\/person\/03a974db1f329b1e2bfee9bedf6b132c"},"headline":"Estas son las Zonas Tensionadas de alquiler en la Regi\u00f3n","datePublished":"2024-04-02T07:00:00+00:00","mainEntityOfPage":{"@id":"https:\/\/inmopolt.com\/estas-son-las-zonas-tensionadas-de-alquiler-en-la-region\/?lang=en"},"wordCount":368,"publisher":{"@id":"https:\/\/inmopolt.com\/#organization"},"image":{"@id":"https:\/\/inmopolt.com\/estas-son-las-zonas-tensionadas-de-alquiler-en-la-region\/?lang=en#primaryimage"},"thumbnailUrl":"https:\/\/inmopolt.com\/wp-content\/uploads\/2024\/03\/Zonas-Tensionadas-en-Murcia.png","keywords":["zonas tensionadas"],"articleSection":["Blog"],"inLanguage":"en-US"},{"@type":"WebPage","@id":"https:\/\/inmopolt.com\/estas-son-las-zonas-tensionadas-de-alquiler-en-la-region\/?lang=en","url":"https:\/\/inmopolt.com\/estas-son-las-zonas-tensionadas-de-alquiler-en-la-region\/?lang=en","name":"Estas son las Zonas Tensionadas de alquiler en la Regi\u00f3n - Inmopolt | Rentabilizando activos","isPartOf":{"@id":"https:\/\/inmopolt.com\/#website"},"primaryImageOfPage":{"@id":"https:\/\/inmopolt.com\/estas-son-las-zonas-tensionadas-de-alquiler-en-la-region\/?lang=en#primaryimage"},"image":{"@id":"https:\/\/inmopolt.com\/estas-son-las-zonas-tensionadas-de-alquiler-en-la-region\/?lang=en#primaryimage"},"thumbnailUrl":"https:\/\/inmopolt.com\/wp-content\/uploads\/2024\/03\/Zonas-Tensionadas-en-Murcia.png","datePublished":"2024-04-02T07:00:00+00:00","breadcrumb":{"@id":"https:\/\/inmopolt.com\/estas-son-las-zonas-tensionadas-de-alquiler-en-la-region\/?lang=en#breadcrumb"},"inLanguage":"en-US","potentialAction":[{"@type":"ReadAction","target":["https:\/\/inmopolt.com\/estas-son-las-zonas-tensionadas-de-alquiler-en-la-region\/?lang=en"]}]},{"@type":"ImageObject","inLanguage":"en-US","@id":"https:\/\/inmopolt.com\/estas-son-las-zonas-tensionadas-de-alquiler-en-la-region\/?lang=en#primaryimage","url":"https:\/\/inmopolt.com\/wp-content\/uploads\/2024\/03\/Zonas-Tensionadas-en-Murcia.png","contentUrl":"https:\/\/inmopolt.com\/wp-content\/uploads\/2024\/03\/Zonas-Tensionadas-en-Murcia.png","width":1037,"height":766,"caption":"Zonas Tensionadas en Murcia"},{"@type":"BreadcrumbList","@id":"https:\/\/inmopolt.com\/estas-son-las-zonas-tensionadas-de-alquiler-en-la-region\/?lang=en#breadcrumb","itemListElement":[{"@type":"ListItem","position":1,"name":"Home","item":"https:\/\/inmopolt.com\/en\/"},{"@type":"ListItem","position":2,"name":"Estas son las Zonas Tensionadas de alquiler en la Regi\u00f3n"}]},{"@type":"WebSite","@id":"https:\/\/inmopolt.com\/#website","url":"https:\/\/inmopolt.com\/","name":"Inmopolt | Rentabilizando activos","description":"","publisher":{"@id":"https:\/\/inmopolt.com\/#organization"},"potentialAction":[{"@type":"SearchAction","target":{"@type":"EntryPoint","urlTemplate":"https:\/\/inmopolt.com\/?s={search_term_string}"},"query-input":{"@type":"PropertyValueSpecification","valueRequired":true,"valueName":"search_term_string"}}],"inLanguage":"en-US"},{"@type":"Organization","@id":"https:\/\/inmopolt.com\/#organization","name":"Inmopolt | Rentabilizando activos","url":"https:\/\/inmopolt.com\/","logo":{"@type":"ImageObject","inLanguage":"en-US","@id":"https:\/\/inmopolt.com\/#\/schema\/logo\/image\/","url":"https:\/\/inmopolt.com\/wp-content\/uploads\/2024\/01\/cropped-icono.jpg","contentUrl":"https:\/\/inmopolt.com\/wp-content\/uploads\/2024\/01\/cropped-icono.jpg","width":512,"height":512,"caption":"Inmopolt | Rentabilizando activos"},"image":{"@id":"https:\/\/inmopolt.com\/#\/schema\/logo\/image\/"}},{"@type":"Person","@id":"https:\/\/inmopolt.com\/#\/schema\/person\/03a974db1f329b1e2bfee9bedf6b132c","name":"atica","image":{"@type":"ImageObject","inLanguage":"en-US","@id":"https:\/\/secure.gravatar.com\/avatar\/58453b30c4baee6890678d2c1fc67512677c28d75db8870a132d917a269888bd?s=96&d=mm&r=g","url":"https:\/\/secure.gravatar.com\/avatar\/58453b30c4baee6890678d2c1fc67512677c28d75db8870a132d917a269888bd?s=96&d=mm&r=g","contentUrl":"https:\/\/secure.gravatar.com\/avatar\/58453b30c4baee6890678d2c1fc67512677c28d75db8870a132d917a269888bd?s=96&d=mm&r=g","caption":"atica"},"sameAs":["https:\/\/inmopolt.com"],"url":"https:\/\/inmopolt.com\/en\/author\/info_8gvnbg32\/"}]}},"_links":{"self":[{"href":"https:\/\/inmopolt.com\/en\/wp-json\/wp\/v2\/posts\/10205","targetHints":{"allow":["GET"]}}],"collection":[{"href":"https:\/\/inmopolt.com\/en\/wp-json\/wp\/v2\/posts"}],"about":[{"href":"https:\/\/inmopolt.com\/en\/wp-json\/wp\/v2\/types\/post"}],"author":[{"embeddable":true,"href":"https:\/\/inmopolt.com\/en\/wp-json\/wp\/v2\/users\/1"}],"replies":[{"embeddable":true,"href":"https:\/\/inmopolt.com\/en\/wp-json\/wp\/v2\/comments?post=10205"}],"version-history":[{"count":0,"href":"https:\/\/inmopolt.com\/en\/wp-json\/wp\/v2\/posts\/10205\/revisions"}],"wp:featuredmedia":[{"embeddable":true,"href":"https:\/\/inmopolt.com\/en\/wp-json\/wp\/v2\/media\/9790"}],"wp:attachment":[{"href":"https:\/\/inmopolt.com\/en\/wp-json\/wp\/v2\/media?parent=10205"}],"wp:term":[{"taxonomy":"category","embeddable":true,"href":"https:\/\/inmopolt.com\/en\/wp-json\/wp\/v2\/categories?post=10205"},{"taxonomy":"post_tag","embeddable":true,"href":"https:\/\/inmopolt.com\/en\/wp-json\/wp\/v2\/tags?post=10205"}],"curies":[{"name":"wp","href":"https:\/\/api.w.org\/{rel}","templated":true}]}}